{"id":7990,"global_id":"koege.anvil.dk?id=7990","global_id_lineage":["koege.anvil.dk?id=7990"],"author":"6","status":"publish","date":"2024-11-11 10:35:29","date_utc":"2024-11-11 09:35:29","modified":"2026-02-25 14:38:26","modified_utc":"2026-02-25 13:38:26","url":"https:\/\/koege.anvil.dk\/?tribe_events=moed-julemanden-2-loerdag","rest_url":"https:\/\/koege.anvil.dk\/index.php?rest_route=\/tribe\/events\/v1\/events\/7990","title":"M\u00f8d Julemanden","description":"<p>K\u00f8ge f\u00e5r igen i \u00e5r bes\u00f8g af selveste Julemanden!<\/p>\n<p>L\u00f8rdag den 12. december, kan du nemlig m\u00f8de Julemanden, hvor han som altid deler godter ud til alle de s\u00f8de og artige b\u00f8rn i K\u00f8ge. Julemanden starter sin tur fra Torvet, hvorefter han g\u00e5r rundt i byens hyggelige handelsgader og spreder julegl\u00e6de mellem kl. 12.00-13.00.<\/p>\n<p>Kom og v\u00e6r med til at skabe en fantastisk julestemning i K\u00f8ge, og v\u00e6r klar til at hilse p\u00e5 Julemanden de to l\u00f8rdage i december inden vi vinker farvel igen til vores <a href=\"https:\/\/koege.anvil.dk\/event\/fakkeloptog\/\" target=\"_blank\" rel=\"noopener\">Fakkeloptog<\/a>.<\/p>\n<p>G\u00f8r din juleshopping endnu sjovere med et bes\u00f8g fra julemanden.<\/p>\n<div class=\"x14z9mp xat24cr x1lziwak x1vvkbs xtlvy1s\"><\/div>","excerpt":"<p>M\u00f8d Julemanden, n\u00e5r han g\u00e5r rundt og spreder julegl\u00e6de for store og sm\u00e5 i handelsgaderne. <\/p>","slug":"moed-julemanden-2-loerdag","image":{"url":"https:\/\/koege.anvil.dk\/wp-content\/uploads\/2024\/01\/Moed-Julemanden-1.webp","id":9312,"extension":"webp","width":1200,"height":600,"filesize":57688,"sizes":{"medium":{"width":300,"height":150,"mime-type":"image\/webp","filesize":12524,"sources":{"image\/webp":{"file":"Moed-Julemanden-1-300x150.webp","filesize":12524}},"url":"https:\/\/koege.anvil.dk\/wp-content\/uploads\/2024\/01\/Moed-Julemanden-1-300x150.webp"},"large":{"width":1024,"height":512,"mime-type":"image\/webp","filesize":43290,"sources":{"image\/webp":{"file":"Moed-Julemanden-1-1024x512.webp","filesize":43290}},"url":"https:\/\/koege.anvil.dk\/wp-content\/uploads\/2024\/01\/Moed-Julemanden-1-1024x512.webp"},"thumbnail":{"width":150,"height":150,"mime-type":"image\/webp","filesize":8784,"sources":{"image\/webp":{"file":"Moed-Julemanden-1-150x150.webp","filesize":8784}},"url":"https:\/\/koege.anvil.dk\/wp-content\/uploads\/2024\/01\/Moed-Julemanden-1-150x150.webp"},"medium_large":{"width":768,"height":384,"mime-type":"image\/webp","filesize":30756,"sources":{"image\/webp":{"file":"Moed-Julemanden-1-768x384.webp","filesize":30756}},"url":"https:\/\/koege.anvil.dk\/wp-content\/uploads\/2024\/01\/Moed-Julemanden-1-768x384.webp"},"blog-large":{"width":669,"height":272,"mime-type":"image\/webp","filesize":24734,"sources":{"image\/webp":{"file":"Moed-Julemanden-1-669x272.webp","filesize":24734}},"url":"https:\/\/koege.anvil.dk\/wp-content\/uploads\/2024\/01\/Moed-Julemanden-1-669x272.webp"},"blog-medium":{"width":320,"height":202,"mime-type":"image\/webp","filesize":13776,"sources":{"image\/webp":{"file":"Moed-Julemanden-1-320x202.webp","filesize":13776}},"url":"https:\/\/koege.anvil.dk\/wp-content\/uploads\/2024\/01\/Moed-Julemanden-1-320x202.webp"},"recent-posts":{"width":700,"height":441,"mime-type":"image\/webp","filesize":30588,"sources":{"image\/webp":{"file":"Moed-Julemanden-1-700x441.webp","filesize":30588}},"url":"https:\/\/koege.anvil.dk\/wp-content\/uploads\/2024\/01\/Moed-Julemanden-1-700x441.webp"},"recent-works-thumbnail":{"width":66,"height":66,"mime-type":"image\/webp","filesize":5440,"sources":{"image\/webp":{"file":"Moed-Julemanden-1-66x66.webp","filesize":5440}},"url":"https:\/\/koege.anvil.dk\/wp-content\/uploads\/2024\/01\/Moed-Julemanden-1-66x66.webp"},"fusion-200":{"width":200,"height":100,"mime-type":"image\/webp","filesize":8876,"sources":{"image\/webp":{"file":"Moed-Julemanden-1-200x100.webp","filesize":8876}},"url":"https:\/\/koege.anvil.dk\/wp-content\/uploads\/2024\/01\/Moed-Julemanden-1-200x100.webp"},"fusion-400":{"width":400,"height":200,"mime-type":"image\/webp","filesize":15848,"sources":{"image\/webp":{"file":"Moed-Julemanden-1-400x200.webp","filesize":15848}},"url":"https:\/\/koege.anvil.dk\/wp-content\/uploads\/2024\/01\/Moed-Julemanden-1-400x200.webp"},"fusion-600":{"width":600,"height":300,"mime-type":"image\/webp","filesize":23960,"sources":{"image\/webp":{"file":"Moed-Julemanden-1-600x300.webp","filesize":23960}},"url":"https:\/\/koege.anvil.dk\/wp-content\/uploads\/2024\/01\/Moed-Julemanden-1-600x300.webp"},"fusion-800":{"width":800,"height":400,"mime-type":"image\/webp","filesize":31948,"sources":{"image\/webp":{"file":"Moed-Julemanden-1-800x400.webp","filesize":31948}},"url":"https:\/\/koege.anvil.dk\/wp-content\/uploads\/2024\/01\/Moed-Julemanden-1-800x400.webp"}},"original_image":"Moed-Julemanden-1.jpg","sources":{"image\/webp":{"file":"Moed-Julemanden-1.webp","filesize":57688},"image\/jpeg":{"file":"Moed-Julemanden-1.jpg","filesize":78776}}},"all_day":false,"start_date":"2026-12-12 12:00:00","start_date_details":{"year":"2026","month":"12","day":"12","hour":"12","minutes":"00","seconds":"00"},"end_date":"2026-12-12 13:00:00","end_date_details":{"year":"2026","month":"12","day":"12","hour":"13","minutes":"00","seconds":"00"},"utc_start_date":"2026-12-12 11:00:00","utc_start_date_details":{"year":"2026","month":"12","day":"12","hour":"11","minutes":"00","seconds":"00"},"utc_end_date":"2026-12-12 12:00:00","utc_end_date_details":{"year":"2026","month":"12","day":"12","hour":"12","minutes":"00","seconds":"00"},"timezone":"Europe\/Copenhagen","timezone_abbr":"CET","cost":"","cost_details":{"currency_symbol":"DKK","currency_code":"DKK","currency_position":"prefix","values":[]},"website":"","show_map":false,"show_map_link":true,"hide_from_listings":false,"sticky":false,"featured":false,"categories":[],"tags":[],"venue":[],"organizer":[],"custom_fields":[],"json_ld":{"@context":"http:\/\/schema.org","@type":"Event","name":"M\u00f8d Julemanden","description":"&lt;p&gt;M\u00f8d Julemanden, n\u00e5r han g\u00e5r rundt og spreder julegl\u00e6de for store og sm\u00e5 i handelsgaderne. &lt;\/p&gt;\\n","image":"https:\/\/koege.anvil.dk\/wp-content\/uploads\/2024\/01\/Moed-Julemanden-1.webp","url":"https:\/\/koege.anvil.dk\/?tribe_events=moed-julemanden-2-loerdag","eventAttendanceMode":"https:\/\/schema.org\/OfflineEventAttendanceMode","eventStatus":"https:\/\/schema.org\/EventScheduled","startDate":"2026-12-12T12:00:00+01:00","endDate":"2026-12-12T13:00:00+01:00","performer":"Organization"}}