{"id":7246,"global_id":"koege.anvil.dk?id=7246","global_id_lineage":["koege.anvil.dk?id=7246"],"author":"6","status":"publish","date":"2024-01-29 15:23:31","date_utc":"2024-01-29 14:23:31","modified":"2026-01-22 14:19:42","modified_utc":"2026-01-22 13:19:42","url":"https:\/\/koege.anvil.dk\/?tribe_events=bilernes-dag","rest_url":"https:\/\/koege.anvil.dk\/index.php?rest_route=\/tribe\/events\/v1\/events\/7246","title":"Bilernes Dag","description":"<p>V\u00e6r med til en festlig dag i bilernes tegn.<\/p>\n<p>L\u00f8rdag den 29. august deltager K\u00f8ge Bilby p\u00e5 Torvet under K\u00f8ge Festuge med deres imponerende samling af flotte biler kl. 10.00-15.00.<\/p>\n<p>Kom og se nogle af de nyeste bilmodeller, n\u00e5r de udstilles og f\u00e5 en hyggelig snak med K\u00f8ge Bilby\u2019s forhandlere.<br \/>\nDrej gratis p\u00e5 lykkehjulet og vind flotte pr\u00e6mier fra bilforhandlerne,\u00a0mens du kan lytte til stemningsfuld live musik.<\/p>\n<p><strong>M\u00f8d alle bilforhandlerne:<br \/>\n<\/strong><span style=\"font-family: 'Lato',sans-serif;\"><a href=\"https:\/\/koege.anvil.dk\/medlemmer\/auto-house-koege\/\" target=\"_blank\" rel=\"noopener\">Auto-House<\/a><br \/>\n<a href=\"https:\/\/koege.anvil.dk\/medlemmer\/bilgo\/\" target=\"_blank\" rel=\"noopener\">Bilgo&#8217;<\/a><br \/>\n<a href=\"https:\/\/koege.anvil.dk\/medlemmer\/bilhuset-koege\/\" target=\"_blank\" rel=\"noopener\">Bilhuset K\u00f8ge<\/a><br \/>\n<a href=\"https:\/\/koege.anvil.dk\/medlemmer\/bilhuset-laursen\/\" target=\"_blank\" rel=\"noopener\">Bilhuset Laursen<\/a><br \/>\n<\/span><span style=\"font-family: 'Lato',sans-serif;\"><a href=\"https:\/\/koege.anvil.dk\/medlemmer\/bjarne-nielsen-koege\/\" target=\"_blank\" rel=\"noopener\">Bjarne Nielsen<\/a><br \/>\n<a href=\"https:\/\/koege.anvil.dk\/medlemmer\/gunner-due-biler\/\" target=\"_blank\" rel=\"noopener\">Gunner Due<\/a><br \/>\n<a href=\"https:\/\/koege.anvil.dk\/medlemmer\/hampen-a-s\" target=\"_blank\" rel=\"noopener\">Hampen<\/a><br \/>\n<\/span><span style=\"font-family: 'Lato',sans-serif;\"><a href=\"https:\/\/koege.anvil.dk\/medlemmer\/max-due\/\" target=\"_blank\" rel=\"noopener\">Max Due<\/a><br \/>\n<a href=\"https:\/\/koege.anvil.dk\/medlemmer\/pma-biler\/\" target=\"_blank\" rel=\"noopener\">PMA Biler<\/a><br \/>\n<a href=\"https:\/\/koege.anvil.dk\/medlemmer\/selected-car-leasing-koege\/\" target=\"_blank\" rel=\"noopener\">Selected Car Leasing<\/a><br \/>\n<a href=\"https:\/\/koege.anvil.dk\/medlemmer\/semler-koege\/\" target=\"_blank\" rel=\"noopener\">Semler Mobility<\/a><\/span><\/p>\n<h5><strong>Bilbyens Bedste &#8230;<\/strong><\/h5>\n<p>Denne dag skal der ogs\u00e5 uddeles statuetter, n\u00e5r vinderne af Bilbyens Bedste bliver offentliggjort. Iblandt festlighederne skal der nemlig k\u00e5res Bilbyens Bedste brugtvognsforhandler, kundeservice, salgsafdeling og v\u00e6rksted.<\/p>\n<p>Stem p\u00e5 din favorit bilforhandler af Bilbyens medlemmer, som du mener fortjener at blive anerkendt.<\/p>\n<p>Du kan stemme p\u00e5 din favorit bilforhandler af Bilbyens medlemmer, som du mener, fortjener at blive anerkendt.<br \/>\nAlle kan deltage og er derefter automatisk med i lodtr\u00e6kningen om et gavekort til K\u00f8ge Handel p\u00e5 500 kr.<br \/>\nVinderen af gavekortet bliver trukket efter Bilernes Dag og f\u00e5r direkte besked.<\/p>\n<p>Kom og v\u00e6r med til en festlig dag til Bilernes Dag!<\/p>\n<p>L\u00e6s mere om K\u00f8ge Bilby p\u00e5 deres hjemmeside <a href=\"https:\/\/xn--kgebilby-54a.dk\/\">HER<\/a><\/p>","excerpt":"<p>K\u00f8ge Bilby stiller op ved Torvet til K\u00f8ge Festuge, med en imponerende samling af flotte biler.\u00a0<\/p>","slug":"bilernes-dag","image":{"url":"https:\/\/koege.anvil.dk\/wp-content\/uploads\/2024\/01\/Bilernes-Dag-1.webp","id":9291,"extension":"webp","width":1200,"height":600,"filesize":116084,"sizes":{"medium":{"width":300,"height":150,"mime-type":"image\/webp","filesize":14044,"sources":{"image\/webp":{"file":"Bilernes-Dag-1-300x150.webp","filesize":14044}},"url":"https:\/\/koege.anvil.dk\/wp-content\/uploads\/2024\/01\/Bilernes-Dag-1-300x150.webp"},"large":{"width":1024,"height":512,"mime-type":"image\/webp","filesize":78206,"sources":{"image\/webp":{"file":"Bilernes-Dag-1-1024x512.webp","filesize":78206}},"url":"https:\/\/koege.anvil.dk\/wp-content\/uploads\/2024\/01\/Bilernes-Dag-1-1024x512.webp"},"thumbnail":{"width":150,"height":150,"mime-type":"image\/webp","filesize":9814,"sources":{"image\/webp":{"file":"Bilernes-Dag-1-150x150.webp","filesize":9814}},"url":"https:\/\/koege.anvil.dk\/wp-content\/uploads\/2024\/01\/Bilernes-Dag-1-150x150.webp"},"medium_large":{"width":768,"height":384,"mime-type":"image\/webp","filesize":51248,"sources":{"image\/webp":{"file":"Bilernes-Dag-1-768x384.webp","filesize":51248}},"url":"https:\/\/koege.anvil.dk\/wp-content\/uploads\/2024\/01\/Bilernes-Dag-1-768x384.webp"},"blog-large":{"width":669,"height":272,"mime-type":"image\/webp","filesize":37224,"sources":{"image\/webp":{"file":"Bilernes-Dag-1-669x272.webp","filesize":37224}},"url":"https:\/\/koege.anvil.dk\/wp-content\/uploads\/2024\/01\/Bilernes-Dag-1-669x272.webp"},"blog-medium":{"width":320,"height":202,"mime-type":"image\/webp","filesize":17360,"sources":{"image\/webp":{"file":"Bilernes-Dag-1-320x202.webp","filesize":17360}},"url":"https:\/\/koege.anvil.dk\/wp-content\/uploads\/2024\/01\/Bilernes-Dag-1-320x202.webp"},"recent-posts":{"width":700,"height":441,"mime-type":"image\/webp","filesize":52444,"sources":{"image\/webp":{"file":"Bilernes-Dag-1-700x441.webp","filesize":52444}},"url":"https:\/\/koege.anvil.dk\/wp-content\/uploads\/2024\/01\/Bilernes-Dag-1-700x441.webp"},"recent-works-thumbnail":{"width":66,"height":66,"mime-type":"image\/webp","filesize":5476,"sources":{"image\/webp":{"file":"Bilernes-Dag-1-66x66.webp","filesize":5476}},"url":"https:\/\/koege.anvil.dk\/wp-content\/uploads\/2024\/01\/Bilernes-Dag-1-66x66.webp"},"fusion-200":{"width":200,"height":100,"mime-type":"image\/webp","filesize":8894,"sources":{"image\/webp":{"file":"Bilernes-Dag-1-200x100.webp","filesize":8894}},"url":"https:\/\/koege.anvil.dk\/wp-content\/uploads\/2024\/01\/Bilernes-Dag-1-200x100.webp"},"fusion-400":{"width":400,"height":200,"mime-type":"image\/webp","filesize":20150,"sources":{"image\/webp":{"file":"Bilernes-Dag-1-400x200.webp","filesize":20150}},"url":"https:\/\/koege.anvil.dk\/wp-content\/uploads\/2024\/01\/Bilernes-Dag-1-400x200.webp"},"fusion-600":{"width":600,"height":300,"mime-type":"image\/webp","filesize":35132,"sources":{"image\/webp":{"file":"Bilernes-Dag-1-600x300.webp","filesize":35132}},"url":"https:\/\/koege.anvil.dk\/wp-content\/uploads\/2024\/01\/Bilernes-Dag-1-600x300.webp"},"fusion-800":{"width":800,"height":400,"mime-type":"image\/webp","filesize":53682,"sources":{"image\/webp":{"file":"Bilernes-Dag-1-800x400.webp","filesize":53682}},"url":"https:\/\/koege.anvil.dk\/wp-content\/uploads\/2024\/01\/Bilernes-Dag-1-800x400.webp"}},"original_image":"Bilernes-Dag-1.jpg","sources":{"image\/webp":{"file":"Bilernes-Dag-1.webp","filesize":116084},"image\/jpeg":{"file":"Bilernes-Dag-1.jpg","filesize":129599}}},"all_day":false,"start_date":"2026-08-29 10:00:00","start_date_details":{"year":"2026","month":"08","day":"29","hour":"10","minutes":"00","seconds":"00"},"end_date":"2026-08-29 15:00:00","end_date_details":{"year":"2026","month":"08","day":"29","hour":"15","minutes":"00","seconds":"00"},"utc_start_date":"2026-08-29 08:00:00","utc_start_date_details":{"year":"2026","month":"08","day":"29","hour":"08","minutes":"00","seconds":"00"},"utc_end_date":"2026-08-29 13:00:00","utc_end_date_details":{"year":"2026","month":"08","day":"29","hour":"13","minutes":"00","seconds":"00"},"timezone":"Europe\/Copenhagen","timezone_abbr":"CEST","cost":"","cost_details":{"currency_symbol":"DKK","currency_code":"DKK","currency_position":"prefix","values":[]},"website":"","show_map":false,"show_map_link":true,"hide_from_listings":false,"sticky":false,"featured":false,"categories":[],"tags":[],"venue":[],"organizer":[],"custom_fields":[],"json_ld":{"@context":"http:\/\/schema.org","@type":"Event","name":"Bilernes Dag","description":"&lt;p&gt;K\u00f8ge Bilby stiller op ved Torvet til K\u00f8ge Festuge, med en imponerende samling af flotte biler.\u00a0&lt;\/p&gt;\\n","image":"https:\/\/koege.anvil.dk\/wp-content\/uploads\/2024\/01\/Bilernes-Dag-1.webp","url":"https:\/\/koege.anvil.dk\/?tribe_events=bilernes-dag","eventAttendanceMode":"https:\/\/schema.org\/OfflineEventAttendanceMode","eventStatus":"https:\/\/schema.org\/EventScheduled","startDate":"2026-08-29T10:00:00+02:00","endDate":"2026-08-29T15:00:00+02:00","performer":"Organization"}}