{"id":7233,"global_id":"koege.anvil.dk?id=7233","global_id_lineage":["koege.anvil.dk?id=7233"],"author":"6","status":"publish","date":"2024-01-26 14:33:25","date_utc":"2024-01-26 13:33:25","modified":"2026-01-19 14:36:23","modified_utc":"2026-01-19 13:36:23","url":"https:\/\/koege.anvil.dk\/?tribe_events=flag-og-roser","rest_url":"https:\/\/koege.anvil.dk\/index.php?rest_route=\/tribe\/events\/v1\/events\/7233","title":"Flag og Roser","description":"<p>Vi pynter op over hele bymidten og g\u00f8r klar til Ros\u00e9 Ros\u00e9 Festivalen.<\/p>\n<p>Tag en tur gennem den smukke bymidte, hvor du kan lade dig fortrylle af et hav af flag, der danser i vinden over handelsgaderne og g\u00e5r du en tur igennem Jernbanegade, ser du &#8220;rosengaden&#8221;, hvor h\u00f8jt h\u00e6ngende roser daler ned.<\/p>\n<p>Dette er ogs\u00e5 en markering af K\u00f8ges stolte historie, der str\u00e6kker sig tilbage i hele 738 \u00e5r, n\u00e5r byen har f\u00f8dselsdag den 4. juli.<\/p>\n<p>Oplev stemningen, n\u00e5r K\u00f8ge bliver d\u00e6kket af flag og roser.<\/p>","excerpt":"<p>Vi pynter op med flag og roser over hele bymidten og g\u00f8r klar til Ros\u00e9 Ros\u00e9 Festivalen.<\/p>","slug":"flag-og-roser","image":{"url":"https:\/\/koege.anvil.dk\/wp-content\/uploads\/2024\/01\/Oppyntning-Flag-1.webp","id":9314,"extension":"webp","width":1200,"height":600,"filesize":74030,"sizes":{"medium":{"width":300,"height":150,"mime-type":"image\/webp","filesize":10998,"sources":{"image\/webp":{"file":"Oppyntning-Flag-1-300x150.webp","filesize":10998}},"url":"https:\/\/koege.anvil.dk\/wp-content\/uploads\/2024\/01\/Oppyntning-Flag-1-300x150.webp"},"large":{"width":1024,"height":512,"mime-type":"image\/webp","filesize":51330,"sources":{"image\/webp":{"file":"Oppyntning-Flag-1-1024x512.webp","filesize":51330}},"url":"https:\/\/koege.anvil.dk\/wp-content\/uploads\/2024\/01\/Oppyntning-Flag-1-1024x512.webp"},"thumbnail":{"width":150,"height":150,"mime-type":"image\/webp","filesize":6686,"sources":{"image\/webp":{"file":"Oppyntning-Flag-1-150x150.webp","filesize":6686}},"url":"https:\/\/koege.anvil.dk\/wp-content\/uploads\/2024\/01\/Oppyntning-Flag-1-150x150.webp"},"medium_large":{"width":768,"height":384,"mime-type":"image\/webp","filesize":35282,"sources":{"image\/webp":{"file":"Oppyntning-Flag-1-768x384.webp","filesize":35282}},"url":"https:\/\/koege.anvil.dk\/wp-content\/uploads\/2024\/01\/Oppyntning-Flag-1-768x384.webp"},"blog-large":{"width":669,"height":272,"mime-type":"image\/webp","filesize":25640,"sources":{"image\/webp":{"file":"Oppyntning-Flag-1-669x272.webp","filesize":25640}},"url":"https:\/\/koege.anvil.dk\/wp-content\/uploads\/2024\/01\/Oppyntning-Flag-1-669x272.webp"},"blog-medium":{"width":320,"height":202,"mime-type":"image\/webp","filesize":11834,"sources":{"image\/webp":{"file":"Oppyntning-Flag-1-320x202.webp","filesize":11834}},"url":"https:\/\/koege.anvil.dk\/wp-content\/uploads\/2024\/01\/Oppyntning-Flag-1-320x202.webp"},"recent-posts":{"width":700,"height":441,"mime-type":"image\/webp","filesize":30358,"sources":{"image\/webp":{"file":"Oppyntning-Flag-1-700x441.webp","filesize":30358}},"url":"https:\/\/koege.anvil.dk\/wp-content\/uploads\/2024\/01\/Oppyntning-Flag-1-700x441.webp"},"recent-works-thumbnail":{"width":66,"height":66,"mime-type":"image\/webp","filesize":4760,"sources":{"image\/webp":{"file":"Oppyntning-Flag-1-66x66.webp","filesize":4760}},"url":"https:\/\/koege.anvil.dk\/wp-content\/uploads\/2024\/01\/Oppyntning-Flag-1-66x66.webp"},"fusion-200":{"width":200,"height":100,"mime-type":"image\/webp","filesize":7644,"sources":{"image\/webp":{"file":"Oppyntning-Flag-1-200x100.webp","filesize":7644}},"url":"https:\/\/koege.anvil.dk\/wp-content\/uploads\/2024\/01\/Oppyntning-Flag-1-200x100.webp"},"fusion-400":{"width":400,"height":200,"mime-type":"image\/webp","filesize":14746,"sources":{"image\/webp":{"file":"Oppyntning-Flag-1-400x200.webp","filesize":14746}},"url":"https:\/\/koege.anvil.dk\/wp-content\/uploads\/2024\/01\/Oppyntning-Flag-1-400x200.webp"},"fusion-600":{"width":600,"height":300,"mime-type":"image\/webp","filesize":24880,"sources":{"image\/webp":{"file":"Oppyntning-Flag-1-600x300.webp","filesize":24880}},"url":"https:\/\/koege.anvil.dk\/wp-content\/uploads\/2024\/01\/Oppyntning-Flag-1-600x300.webp"},"fusion-800":{"width":800,"height":400,"mime-type":"image\/webp","filesize":37874,"sources":{"image\/webp":{"file":"Oppyntning-Flag-1-800x400.webp","filesize":37874}},"url":"https:\/\/koege.anvil.dk\/wp-content\/uploads\/2024\/01\/Oppyntning-Flag-1-800x400.webp"}},"original_image":"Oppyntning-Flag-1.jpg","sources":{"image\/webp":{"file":"Oppyntning-Flag-1.webp","filesize":74030},"image\/jpeg":{"file":"Oppyntning-Flag-1.jpg","filesize":91945}}},"all_day":true,"start_date":"2026-06-01 00:00:00","start_date_details":{"year":"2026","month":"06","day":"01","hour":"00","minutes":"00","seconds":"00"},"end_date":"2026-08-10 23:59:59","end_date_details":{"year":"2026","month":"08","day":"10","hour":"23","minutes":"59","seconds":"59"},"utc_start_date":"2026-05-31 22:00:00","utc_start_date_details":{"year":"2026","month":"05","day":"31","hour":"22","minutes":"00","seconds":"00"},"utc_end_date":"2026-08-10 21:59:59","utc_end_date_details":{"year":"2026","month":"08","day":"10","hour":"21","minutes":"59","seconds":"59"},"timezone":"Europe\/Copenhagen","timezone_abbr":"CEST","cost":"","cost_details":{"currency_symbol":"DKK","currency_code":"DKK","currency_position":"prefix","values":[]},"website":"","show_map":false,"show_map_link":true,"hide_from_listings":false,"sticky":false,"featured":false,"categories":[{"name":"Oppyntning","slug":"oppyntning","term_group":0,"term_taxonomy_id":277,"taxonomy":"tribe_events_cat","description":"","parent":0,"count":13,"filter":"raw","id":277,"urls":{"self":"https:\/\/koege.anvil.dk\/index.php?rest_route=\/tribe\/events\/v1\/categories\/277","collection":"https:\/\/koege.anvil.dk\/index.php?rest_route=\/tribe\/events\/v1\/categories"}}],"tags":[],"venue":[],"organizer":[],"custom_fields":[],"json_ld":{"@context":"http:\/\/schema.org","@type":"Event","name":"Flag og Roser","description":"&lt;p&gt;Vi pynter op med flag og roser over hele bymidten og g\u00f8r klar til Ros\u00e9 Ros\u00e9 Festivalen.&lt;\/p&gt;\\n","image":"https:\/\/koege.anvil.dk\/wp-content\/uploads\/2024\/01\/Oppyntning-Flag-1.webp","url":"https:\/\/koege.anvil.dk\/?tribe_events=flag-og-roser","eventAttendanceMode":"https:\/\/schema.org\/OfflineEventAttendanceMode","eventStatus":"https:\/\/schema.org\/EventScheduled","startDate":"2026-06-01T00:00:00+02:00","endDate":"2026-08-10T23:59:59+02:00","performer":"Organization"}}